{"id":255,"date":"2019-09-27T21:29:22","date_gmt":"2019-09-27T19:29:22","guid":{"rendered":"https:\/\/www.ucna-pomoc.si\/?p=255"},"modified":"2019-09-27T21:35:17","modified_gmt":"2019-09-27T19:35:17","slug":"dnevi-slovenskih-svetovalnih-sredisc-2019","status":"publish","type":"post","link":"https:\/\/www.ucna-pomoc.si\/index.php\/2019\/09\/27\/dnevi-slovenskih-svetovalnih-sredisc-2019\/","title":{"rendered":"Dnevi slovenskih svetovalnih sredi\u0161\u010d 2019"},"content":{"rendered":"\n<ul class=\"is-layout-flex wp-block-gallery-1 wp-block-gallery columns-2 is-cropped\"><li class=\"blocks-gallery-item\"><figure><img decoding=\"async\" loading=\"lazy\" width=\"1024\" height=\"768\" src=\"https:\/\/www.ucna-pomoc.si\/wp-content\/uploads\/2019\/09\/dsss_01-1024x768.jpg\" alt=\"\" data-id=\"256\" data-link=\"https:\/\/www.ucna-pomoc.si\/?attachment_id=256\" class=\"wp-image-256\" srcset=\"https:\/\/www.ucna-pomoc.si\/wp-content\/uploads\/2019\/09\/dsss_01-1024x768.jpg 1024w, https:\/\/www.ucna-pomoc.si\/wp-content\/uploads\/2019\/09\/dsss_01-300x225.jpg 300w, https:\/\/www.ucna-pomoc.si\/wp-content\/uploads\/2019\/09\/dsss_01-768x576.jpg 768w\" sizes=\"(max-width: 1024px) 100vw, 1024px\" \/><\/figure><\/li><li class=\"blocks-gallery-item\"><figure><img decoding=\"async\" loading=\"lazy\" width=\"1024\" height=\"768\" src=\"https:\/\/www.ucna-pomoc.si\/wp-content\/uploads\/2019\/09\/dsss_02-1024x768.jpg\" alt=\"\" data-id=\"257\" data-link=\"https:\/\/www.ucna-pomoc.si\/?attachment_id=257\" class=\"wp-image-257\" srcset=\"https:\/\/www.ucna-pomoc.si\/wp-content\/uploads\/2019\/09\/dsss_02-1024x768.jpg 1024w, https:\/\/www.ucna-pomoc.si\/wp-content\/uploads\/2019\/09\/dsss_02-300x225.jpg 300w, https:\/\/www.ucna-pomoc.si\/wp-content\/uploads\/2019\/09\/dsss_02-768x576.jpg 768w\" sizes=\"(max-width: 1024px) 100vw, 1024px\" \/><\/figure><\/li><\/ul>\n\n\n\n<ul><li>Kdaj: 25. 9. 2019 (od 12.00 do 18.00)<\/li><li>Kje: Ljubljana (Mercator center \u0160i\u0161ka)<\/li><\/ul>\n\n\n\n<p>S partnerskimi organizacijami smo se tudi letos udele\u017eili Dnevov svetovalnih sredi\u0161\u010d. Na stojnici smo \u0161tevilne obiskovalce trgovskega centra seznanili z mo\u017enostjo vklju\u010ditve v formalna in neformalna izobra\u017eevanja, ki jih izvajamo na Biotehni\u0161kem izobra\u017eevalnem centru Ljubljana. Osredoto\u010dili smo se predvsem na odrasle udele\u017eence ter jim s pomo\u010djo promocijskega materiala predstavili razli\u010dne mo\u017enosti vklju\u010devanja v proces u\u010dne pomo\u010di, ki je namenjena vsem, ki \u017eelijo pridobiti formalno izobrazbo. Ker je projekt \u00bbPromocija, animacija in u\u010dna pomo\u010d 2018-2022\u00ab \u017ee v polnem teku, smo lahko z obiskovalci poleg splo\u0161nih informacij delili tudi odzive udele\u017eencev, ki so u\u010dno pomo\u010d \u017ee izkoristili in so bili z na\u0161o izvedbo zadovoljni.  <\/p>\n","protected":false},"excerpt":{"rendered":"<p>Kdaj: 25. 9. 2019 (od 12.00 do 18.00) Kje: Ljubljana (Mercator center \u0160i\u0161ka) S partnerskimi organizacijami smo se tudi letos udele\u017eili Dnevov svetovalnih sredi\u0161\u010d. Na stojnici smo \u0161tevilne obiskovalce trgovskega centra seznanili z mo\u017enostjo vklju\u010ditve v formalna in neformalna izobra\u017eevanja, ki jih izvajamo na Biotehni\u0161kem izobra\u017eevalnem centru Ljubljana. Osredoto\u010dili smo se predvsem na odrasle udele\u017eence [&hellip;]<\/p>\n","protected":false},"author":2,"featured_media":0,"comment_status":"closed","ping_status":"open","sticky":false,"template":"","format":"standard","meta":[],"categories":[1],"tags":[],"_links":{"self":[{"href":"https:\/\/www.ucna-pomoc.si\/index.php\/wp-json\/wp\/v2\/posts\/255"}],"collection":[{"href":"https:\/\/www.ucna-pomoc.si\/index.php\/wp-json\/wp\/v2\/posts"}],"about":[{"href":"https:\/\/www.ucna-pomoc.si\/index.php\/wp-json\/wp\/v2\/types\/post"}],"author":[{"embeddable":true,"href":"https:\/\/www.ucna-pomoc.si\/index.php\/wp-json\/wp\/v2\/users\/2"}],"replies":[{"embeddable":true,"href":"https:\/\/www.ucna-pomoc.si\/index.php\/wp-json\/wp\/v2\/comments?post=255"}],"version-history":[{"count":2,"href":"https:\/\/www.ucna-pomoc.si\/index.php\/wp-json\/wp\/v2\/posts\/255\/revisions"}],"predecessor-version":[{"id":264,"href":"https:\/\/www.ucna-pomoc.si\/index.php\/wp-json\/wp\/v2\/posts\/255\/revisions\/264"}],"wp:attachment":[{"href":"https:\/\/www.ucna-pomoc.si\/index.php\/wp-json\/wp\/v2\/media?parent=255"}],"wp:term":[{"taxonomy":"category","embeddable":true,"href":"https:\/\/www.ucna-pomoc.si\/index.php\/wp-json\/wp\/v2\/categories?post=255"},{"taxonomy":"post_tag","embeddable":true,"href":"https:\/\/www.ucna-pomoc.si\/index.php\/wp-json\/wp\/v2\/tags?post=255"}],"curies":[{"name":"wp","href":"https:\/\/api.w.org\/{rel}","templated":true}]}}